{"id":6275,"date":"2022-05-18T18:11:30","date_gmt":"2022-05-18T23:11:30","guid":{"rendered":"https:\/\/matehualasinmiedo.com\/?p=6275"},"modified":"2022-05-18T18:11:31","modified_gmt":"2022-05-18T23:11:31","slug":"dif-matehuala-invita-a-jornada-de-salud-visiual-en-el-cri","status":"publish","type":"post","link":"https:\/\/matehualasinmiedo.com\/index.php\/2022\/05\/18\/dif-matehuala-invita-a-jornada-de-salud-visiual-en-el-cri\/","title":{"rendered":"DIF MATEHUALA INVITA A JORNADA DE SALUD VISIUAL EN EL CRI"},"content":{"rendered":"\n<figure class=\"wp-block-gallery has-nested-images columns-default is-cropped wp-block-gallery-1 is-layout-flex wp-block-gallery-is-layout-flex\">\n<figure class=\"wp-block-image size-large\"><img loading=\"lazy\" decoding=\"async\" width=\"1024\" height=\"682\" data-id=\"6276\" src=\"https:\/\/matehualasinmiedo.com\/wp-content\/uploads\/2022\/05\/1-60-1024x682.jpg\" alt=\"\" class=\"wp-image-6276\" srcset=\"https:\/\/matehualasinmiedo.com\/wp-content\/uploads\/2022\/05\/1-60-1024x682.jpg 1024w, https:\/\/matehualasinmiedo.com\/wp-content\/uploads\/2022\/05\/1-60-600x400.jpg 600w, https:\/\/matehualasinmiedo.com\/wp-content\/uploads\/2022\/05\/1-60-300x200.jpg 300w, https:\/\/matehualasinmiedo.com\/wp-content\/uploads\/2022\/05\/1-60-768x512.jpg 768w, https:\/\/matehualasinmiedo.com\/wp-content\/uploads\/2022\/05\/1-60-272x182.jpg 272w, https:\/\/matehualasinmiedo.com\/wp-content\/uploads\/2022\/05\/1-60.jpg 1280w\" sizes=\"auto, (max-width: 1024px) 100vw, 1024px\" \/><\/figure>\n\n\n\n<figure class=\"wp-block-image size-large\"><img loading=\"lazy\" decoding=\"async\" width=\"1024\" height=\"682\" data-id=\"6277\" src=\"https:\/\/matehualasinmiedo.com\/wp-content\/uploads\/2022\/05\/2-48-1024x682.jpg\" alt=\"\" class=\"wp-image-6277\" srcset=\"https:\/\/matehualasinmiedo.com\/wp-content\/uploads\/2022\/05\/2-48-1024x682.jpg 1024w, https:\/\/matehualasinmiedo.com\/wp-content\/uploads\/2022\/05\/2-48-600x400.jpg 600w, https:\/\/matehualasinmiedo.com\/wp-content\/uploads\/2022\/05\/2-48-300x200.jpg 300w, https:\/\/matehualasinmiedo.com\/wp-content\/uploads\/2022\/05\/2-48-768x512.jpg 768w, https:\/\/matehualasinmiedo.com\/wp-content\/uploads\/2022\/05\/2-48-272x182.jpg 272w, https:\/\/matehualasinmiedo.com\/wp-content\/uploads\/2022\/05\/2-48.jpg 1280w\" sizes=\"auto, (max-width: 1024px) 100vw, 1024px\" \/><\/figure>\n<\/figure>\n\n\n\n<p>El Sistema Municipal para el Desarrollo Integral de la Familia (SMDIF) Matehuala, invita a la ciudadan\u00eda en general a participar en las jornadas de salud visual que se celebraran los d\u00edas 25,26 y 27 de mayo de 2022 en las instalaciones del Centro de Rehabilitaci\u00f3n Integral (CRI).<br>Paula M\u00e9ndez Garc\u00eda, Presidenta del DIF coment\u00f3 que estas acciones tienen como objetivo acercar los servicios b\u00e1sicos de salud a todos los sectores de la poblaci\u00f3n, cabe hacer menci\u00f3n que dentro de la jornada se realizaran ex\u00e1menes de la vista totalmente gratis, adem\u00e1s de detecci\u00f3n de cataratas y carnosidades.<br>Dijo que el oftalm\u00f3logo a dirigir las consultas estar\u00e1 atendiendo a la poblaci\u00f3n en un horario de 10 de la ma\u00f1ana a 2 de la tarde, asimismo en la adquisici\u00f3n de los lentes podr\u00e1n acceder a un descuento del 60 por ciento.<br>Anunci\u00f3 que luego de esta actividad ser\u00e1 el pr\u00f3ximo s\u00e1bado 28 de mayo cuando la campa\u00f1a de salud visual se traslade de nueva cuenta a la explanada de la plaza Ju\u00e1rez, donde se atender\u00e1 a la poblaci\u00f3n.<br>M\u00e9ndez Garc\u00eda, refiri\u00f3 que estas al igual que otras acciones continuaran durante la actual administraci\u00f3n municipal todo con el firme prop\u00f3sito de mejorar la calidad de vida de la poblaci\u00f3n.<\/p>\n","protected":false},"excerpt":{"rendered":"<p>El Sistema Municipal para el Desarrollo Integral de la Familia (SMDIF) Matehuala, invita a la ciudadan\u00eda en general a participar en las jornadas de salud visual que se celebraran los d\u00edas 25,26 y 27 de mayo de 2022 en las instalaciones del Centro de Rehabilitaci\u00f3n Integral (CRI).Paula M\u00e9ndez Garc\u00eda, Presidenta del DIF coment\u00f3 que estas [&hellip;]<\/p>\n","protected":false},"author":1,"featured_media":6277,"comment_status":"open","ping_status":"open","sticky":false,"template":"","format":"standard","meta":{"footnotes":""},"categories":[3],"tags":[13],"class_list":["post-6275","post","type-post","status-publish","format-standard","has-post-thumbnail","hentry","category-matehuala","tag-matehuala"],"_links":{"self":[{"href":"https:\/\/matehualasinmiedo.com\/index.php\/wp-json\/wp\/v2\/posts\/6275","targetHints":{"allow":["GET"]}}],"collection":[{"href":"https:\/\/matehualasinmiedo.com\/index.php\/wp-json\/wp\/v2\/posts"}],"about":[{"href":"https:\/\/matehualasinmiedo.com\/index.php\/wp-json\/wp\/v2\/types\/post"}],"author":[{"embeddable":true,"href":"https:\/\/matehualasinmiedo.com\/index.php\/wp-json\/wp\/v2\/users\/1"}],"replies":[{"embeddable":true,"href":"https:\/\/matehualasinmiedo.com\/index.php\/wp-json\/wp\/v2\/comments?post=6275"}],"version-history":[{"count":1,"href":"https:\/\/matehualasinmiedo.com\/index.php\/wp-json\/wp\/v2\/posts\/6275\/revisions"}],"predecessor-version":[{"id":6278,"href":"https:\/\/matehualasinmiedo.com\/index.php\/wp-json\/wp\/v2\/posts\/6275\/revisions\/6278"}],"wp:featuredmedia":[{"embeddable":true,"href":"https:\/\/matehualasinmiedo.com\/index.php\/wp-json\/wp\/v2\/media\/6277"}],"wp:attachment":[{"href":"https:\/\/matehualasinmiedo.com\/index.php\/wp-json\/wp\/v2\/media?parent=6275"}],"wp:term":[{"taxonomy":"category","embeddable":true,"href":"https:\/\/matehualasinmiedo.com\/index.php\/wp-json\/wp\/v2\/categories?post=6275"},{"taxonomy":"post_tag","embeddable":true,"href":"https:\/\/matehualasinmiedo.com\/index.php\/wp-json\/wp\/v2\/tags?post=6275"}],"curies":[{"name":"wp","href":"https:\/\/api.w.org\/{rel}","templated":true}]}}