{"id":25553,"date":"2023-12-05T09:43:11","date_gmt":"2023-12-05T15:43:11","guid":{"rendered":"https:\/\/matehualasinmiedo.com\/?p=25553"},"modified":"2023-12-05T09:43:14","modified_gmt":"2023-12-05T15:43:14","slug":"nuevos-caminos-en-villa-de-reyes-necesarios-para-la-conectividad-alcalde","status":"publish","type":"post","link":"https:\/\/matehualasinmiedo.com\/index.php\/2023\/12\/05\/nuevos-caminos-en-villa-de-reyes-necesarios-para-la-conectividad-alcalde\/","title":{"rendered":"NUEVOS CAMINOS EN VILLA DE REYES, NECESARIOS PARA LA CONECTIVIDAD: ALCALDE"},"content":{"rendered":"\n<figure class=\"wp-block-gallery has-nested-images columns-default is-cropped wp-block-gallery-1 is-layout-flex wp-block-gallery-is-layout-flex\">\n<figure class=\"wp-block-image size-large\"><img loading=\"lazy\" decoding=\"async\" width=\"1024\" height=\"538\" data-id=\"25554\" src=\"https:\/\/matehualasinmiedo.com\/wp-content\/uploads\/2023\/12\/1-7-1024x538.jpg\" alt=\"\" class=\"wp-image-25554\" srcset=\"https:\/\/matehualasinmiedo.com\/wp-content\/uploads\/2023\/12\/1-7-1024x538.jpg 1024w, https:\/\/matehualasinmiedo.com\/wp-content\/uploads\/2023\/12\/1-7-600x315.jpg 600w, https:\/\/matehualasinmiedo.com\/wp-content\/uploads\/2023\/12\/1-7-300x158.jpg 300w, https:\/\/matehualasinmiedo.com\/wp-content\/uploads\/2023\/12\/1-7-768x403.jpg 768w, https:\/\/matehualasinmiedo.com\/wp-content\/uploads\/2023\/12\/1-7.jpg 1200w\" sizes=\"auto, (max-width: 1024px) 100vw, 1024px\" \/><\/figure>\n\n\n\n<figure class=\"wp-block-image size-large\"><img loading=\"lazy\" decoding=\"async\" width=\"1024\" height=\"682\" data-id=\"25555\" src=\"https:\/\/matehualasinmiedo.com\/wp-content\/uploads\/2023\/12\/2-7-1024x682.jpg\" alt=\"\" class=\"wp-image-25555\" srcset=\"https:\/\/matehualasinmiedo.com\/wp-content\/uploads\/2023\/12\/2-7-1024x682.jpg 1024w, https:\/\/matehualasinmiedo.com\/wp-content\/uploads\/2023\/12\/2-7-600x400.jpg 600w, https:\/\/matehualasinmiedo.com\/wp-content\/uploads\/2023\/12\/2-7-300x200.jpg 300w, https:\/\/matehualasinmiedo.com\/wp-content\/uploads\/2023\/12\/2-7-768x512.jpg 768w, https:\/\/matehualasinmiedo.com\/wp-content\/uploads\/2023\/12\/2-7-272x182.jpg 272w, https:\/\/matehualasinmiedo.com\/wp-content\/uploads\/2023\/12\/2-7.jpg 1280w\" sizes=\"auto, (max-width: 1024px) 100vw, 1024px\" \/><\/figure>\n\n\n\n<figure class=\"wp-block-image size-large\"><img loading=\"lazy\" decoding=\"async\" width=\"1024\" height=\"682\" data-id=\"25556\" src=\"https:\/\/matehualasinmiedo.com\/wp-content\/uploads\/2023\/12\/3-8-1024x682.jpg\" alt=\"\" class=\"wp-image-25556\" srcset=\"https:\/\/matehualasinmiedo.com\/wp-content\/uploads\/2023\/12\/3-8-1024x682.jpg 1024w, https:\/\/matehualasinmiedo.com\/wp-content\/uploads\/2023\/12\/3-8-600x400.jpg 600w, https:\/\/matehualasinmiedo.com\/wp-content\/uploads\/2023\/12\/3-8-300x200.jpg 300w, https:\/\/matehualasinmiedo.com\/wp-content\/uploads\/2023\/12\/3-8-768x512.jpg 768w, https:\/\/matehualasinmiedo.com\/wp-content\/uploads\/2023\/12\/3-8-1536x1023.jpg 1536w, https:\/\/matehualasinmiedo.com\/wp-content\/uploads\/2023\/12\/3-8-272x182.jpg 272w, https:\/\/matehualasinmiedo.com\/wp-content\/uploads\/2023\/12\/3-8.jpg 1600w\" sizes=\"auto, (max-width: 1024px) 100vw, 1024px\" \/><\/figure>\n<\/figure>\n\n\n\n<p><\/p>\n\n\n\n<p>&nbsp;El presidente municipal de Villa de Reyes, Daniel Lagunas, reconoci\u00f3 que la v\u00eda inaugurada por el Gobernador Ricardo Gallardo, representa el compromiso de las autoridades en apoyo a la mejora de la infraestructura vial y la movilidad<\/p>\n\n\n\n<p>En el marco de la inauguraci\u00f3n de la Carretera Bledos-Cabras-Carranco en Villa de Reyes, encabezada por el Gobernador Ricardo Gallardo Cardona, el alcalde Daniel Lagunas, destac\u00f3 que la tan esperada vialidad se consolida como un componente esencial de la conectividad intermunicipal en la regi\u00f3n, enlazando a localidades y colonias con Villa de Arriaga, lo que representa un gran logro muy significativo.<br>En el evento, detall\u00f3 que la inversi\u00f3n total proviene del Gobierno del Estado y fue gestionada inicialmente por Erika Briones y con la continuidad de su gesti\u00f3n, lo que demuestra el compromiso conjunto de las autoridades para apoyar al municipio en la mejora de la infraestructura vial y facilitar la movilidad de las y los habitantes y su bienestar y calidad de vida.<br>El edil expres\u00f3 su reconocimiento al Gobierno del Estado por su soporte continuo, \u00abesta carretera no solo representa un avance en t\u00e9rminos de infraestructura, sino tambi\u00e9n un paso firme hacia el desarrollo social y econ\u00f3mico de Villa de Reyes y fortalece as\u00ed los lazos de cooperaci\u00f3n entre el municipio y el Estado\u00bb, coment\u00f3 Lagunas L\u00f3pez.<br>Finalmente, destac\u00f3 el apoyo del Gobernador Ricardo Gallardo para la construcci\u00f3n de esta carretera, y en programas sociales, alimentarios y educativos, que han beneficiado de manera muy importante a la comunidad.<\/p>\n","protected":false},"excerpt":{"rendered":"<p>&nbsp;El presidente municipal de Villa de Reyes, Daniel Lagunas, reconoci\u00f3 que la v\u00eda inaugurada por el Gobernador Ricardo Gallardo, representa el compromiso de las autoridades en apoyo a la mejora de la infraestructura vial y la movilidad En el marco de la inauguraci\u00f3n de la Carretera Bledos-Cabras-Carranco en Villa de Reyes, encabezada por el Gobernador [&hellip;]<\/p>\n","protected":false},"author":1,"featured_media":25556,"comment_status":"open","ping_status":"open","sticky":false,"template":"","format":"standard","meta":{"footnotes":""},"categories":[5],"tags":[6],"class_list":["post-25553","post","type-post","status-publish","format-standard","has-post-thumbnail","hentry","category-slp","tag-slp"],"_links":{"self":[{"href":"https:\/\/matehualasinmiedo.com\/index.php\/wp-json\/wp\/v2\/posts\/25553","targetHints":{"allow":["GET"]}}],"collection":[{"href":"https:\/\/matehualasinmiedo.com\/index.php\/wp-json\/wp\/v2\/posts"}],"about":[{"href":"https:\/\/matehualasinmiedo.com\/index.php\/wp-json\/wp\/v2\/types\/post"}],"author":[{"embeddable":true,"href":"https:\/\/matehualasinmiedo.com\/index.php\/wp-json\/wp\/v2\/users\/1"}],"replies":[{"embeddable":true,"href":"https:\/\/matehualasinmiedo.com\/index.php\/wp-json\/wp\/v2\/comments?post=25553"}],"version-history":[{"count":1,"href":"https:\/\/matehualasinmiedo.com\/index.php\/wp-json\/wp\/v2\/posts\/25553\/revisions"}],"predecessor-version":[{"id":25557,"href":"https:\/\/matehualasinmiedo.com\/index.php\/wp-json\/wp\/v2\/posts\/25553\/revisions\/25557"}],"wp:featuredmedia":[{"embeddable":true,"href":"https:\/\/matehualasinmiedo.com\/index.php\/wp-json\/wp\/v2\/media\/25556"}],"wp:attachment":[{"href":"https:\/\/matehualasinmiedo.com\/index.php\/wp-json\/wp\/v2\/media?parent=25553"}],"wp:term":[{"taxonomy":"category","embeddable":true,"href":"https:\/\/matehualasinmiedo.com\/index.php\/wp-json\/wp\/v2\/categories?post=25553"},{"taxonomy":"post_tag","embeddable":true,"href":"https:\/\/matehualasinmiedo.com\/index.php\/wp-json\/wp\/v2\/tags?post=25553"}],"curies":[{"name":"wp","href":"https:\/\/api.w.org\/{rel}","templated":true}]}}