{"id":21589,"date":"2023-07-30T14:15:20","date_gmt":"2023-07-30T19:15:20","guid":{"rendered":"https:\/\/matehualasinmiedo.com\/?p=21589"},"modified":"2023-07-30T14:15:22","modified_gmt":"2023-07-30T19:15:22","slug":"estado-se-suma-a-la-conmemoracion-del-dia-contra-la-trata-de-personas","status":"publish","type":"post","link":"https:\/\/matehualasinmiedo.com\/index.php\/2023\/07\/30\/estado-se-suma-a-la-conmemoracion-del-dia-contra-la-trata-de-personas\/","title":{"rendered":"ESTADO SE SUMA A LA CONMEMORACI\u00d3N DEL D\u00cdA CONTRA LA TRATA DE PERSONAS"},"content":{"rendered":"\n<figure class=\"wp-block-gallery has-nested-images columns-default is-cropped wp-block-gallery-1 is-layout-flex wp-block-gallery-is-layout-flex\">\n<figure class=\"wp-block-image size-large\"><img loading=\"lazy\" decoding=\"async\" width=\"1024\" height=\"538\" data-id=\"21590\" src=\"https:\/\/matehualasinmiedo.com\/wp-content\/uploads\/2023\/07\/1-115-1024x538.jpg\" alt=\"\" class=\"wp-image-21590\" srcset=\"https:\/\/matehualasinmiedo.com\/wp-content\/uploads\/2023\/07\/1-115-1024x538.jpg 1024w, https:\/\/matehualasinmiedo.com\/wp-content\/uploads\/2023\/07\/1-115-600x315.jpg 600w, https:\/\/matehualasinmiedo.com\/wp-content\/uploads\/2023\/07\/1-115-300x158.jpg 300w, https:\/\/matehualasinmiedo.com\/wp-content\/uploads\/2023\/07\/1-115-768x403.jpg 768w, https:\/\/matehualasinmiedo.com\/wp-content\/uploads\/2023\/07\/1-115.jpg 1200w\" sizes=\"auto, (max-width: 1024px) 100vw, 1024px\" \/><\/figure>\n<\/figure>\n\n\n\n<p><\/p>\n\n\n\n<p>La Secretar\u00eda General de Gobierno, promueve la campa\u00f1a \u201cLlegar a todas las v\u00edctimas de la trata, sin dejar a nadie atr\u00e1s\u201d, para fortalecer la prevenci\u00f3n, identificar y brindar apoyo a las v\u00edctimas<\/p>\n\n\n\n<p>En el marco de la conmemoraci\u00f3n del D\u00eda Mundial contra la Trata de Personas, este 30 de julio, la Secretar\u00eda General de Gobierno (SGG), exhort\u00f3 a dependencias y organismos descentralizados a sumarse a la campa\u00f1a \u201cLlegar a todas las v\u00edctimas de la trata, sin dejar a nadie atr\u00e1s\u201d que busca fortalecer la prevenci\u00f3n, identificar y brindar apoyo a las v\u00edctimas de este delito.<br>En seguimiento al trabajo emprendido por el Gobernador de San Luis Potos\u00ed, Ricardo Gallardo Cardona, la Secretar\u00eda General de Gobierno y otras dependencias llevan a cabo acciones preventivas y de apoyo a las v\u00edctimas, para aplicar una pol\u00edtica de \u201ccero impunidad\u201d, con el fin de atender a grupos vulnerables y ser solidarios con las v\u00edctimas de estos delitos que afectan a 12 millones de personas a nivel mundial.<br>La dependencia dio a conocer que la campa\u00f1a sensibiliza sobre acontecimientos y amenazas identificadas sobre la trata de personas y hace un llamado a los gobiernos, las fuerzas del orden, los servicios p\u00fablicos y la sociedad civil a reforzar la prevenci\u00f3n, identificar y apoyar a las v\u00edctimas, y poner fin a la impunidad.<br>Esta conmemoraci\u00f3n se lleva a cabo desde el 2013 y se incluye en el Plan de Acci\u00f3n Mundial de la Organizaci\u00f3n de las Naciones Unidas (ONU) que design\u00f3 el 30 de julio como el D\u00eda Mundial contra la Trata, para colaborar a crear conciencia, promover y proteger los derechos de las personas afectadas por este delito.<\/p>\n","protected":false},"excerpt":{"rendered":"<p>La Secretar\u00eda General de Gobierno, promueve la campa\u00f1a \u201cLlegar a todas las v\u00edctimas de la trata, sin dejar a nadie atr\u00e1s\u201d, para fortalecer la prevenci\u00f3n, identificar y brindar apoyo a las v\u00edctimas En el marco de la conmemoraci\u00f3n del D\u00eda Mundial contra la Trata de Personas, este 30 de julio, la Secretar\u00eda General de Gobierno [&hellip;]<\/p>\n","protected":false},"author":1,"featured_media":21590,"comment_status":"open","ping_status":"open","sticky":false,"template":"","format":"standard","meta":{"footnotes":""},"categories":[5],"tags":[6],"class_list":["post-21589","post","type-post","status-publish","format-standard","has-post-thumbnail","hentry","category-slp","tag-slp"],"_links":{"self":[{"href":"https:\/\/matehualasinmiedo.com\/index.php\/wp-json\/wp\/v2\/posts\/21589","targetHints":{"allow":["GET"]}}],"collection":[{"href":"https:\/\/matehualasinmiedo.com\/index.php\/wp-json\/wp\/v2\/posts"}],"about":[{"href":"https:\/\/matehualasinmiedo.com\/index.php\/wp-json\/wp\/v2\/types\/post"}],"author":[{"embeddable":true,"href":"https:\/\/matehualasinmiedo.com\/index.php\/wp-json\/wp\/v2\/users\/1"}],"replies":[{"embeddable":true,"href":"https:\/\/matehualasinmiedo.com\/index.php\/wp-json\/wp\/v2\/comments?post=21589"}],"version-history":[{"count":1,"href":"https:\/\/matehualasinmiedo.com\/index.php\/wp-json\/wp\/v2\/posts\/21589\/revisions"}],"predecessor-version":[{"id":21591,"href":"https:\/\/matehualasinmiedo.com\/index.php\/wp-json\/wp\/v2\/posts\/21589\/revisions\/21591"}],"wp:featuredmedia":[{"embeddable":true,"href":"https:\/\/matehualasinmiedo.com\/index.php\/wp-json\/wp\/v2\/media\/21590"}],"wp:attachment":[{"href":"https:\/\/matehualasinmiedo.com\/index.php\/wp-json\/wp\/v2\/media?parent=21589"}],"wp:term":[{"taxonomy":"category","embeddable":true,"href":"https:\/\/matehualasinmiedo.com\/index.php\/wp-json\/wp\/v2\/categories?post=21589"},{"taxonomy":"post_tag","embeddable":true,"href":"https:\/\/matehualasinmiedo.com\/index.php\/wp-json\/wp\/v2\/tags?post=21589"}],"curies":[{"name":"wp","href":"https:\/\/api.w.org\/{rel}","templated":true}]}}