{"id":21424,"date":"2023-07-25T12:25:44","date_gmt":"2023-07-25T17:25:44","guid":{"rendered":"https:\/\/matehualasinmiedo.com\/?p=21424"},"modified":"2023-07-25T12:25:46","modified_gmt":"2023-07-25T17:25:46","slug":"afina-gobierno-estatal-operativo-preventivo-fenapo-2023","status":"publish","type":"post","link":"https:\/\/matehualasinmiedo.com\/index.php\/2023\/07\/25\/afina-gobierno-estatal-operativo-preventivo-fenapo-2023\/","title":{"rendered":"AFINA GOBIERNO ESTATAL OPERATIVO PREVENTIVO FENAPO 2023"},"content":{"rendered":"\n<figure class=\"wp-block-gallery has-nested-images columns-default is-cropped wp-block-gallery-1 is-layout-flex wp-block-gallery-is-layout-flex\">\n<figure class=\"wp-block-image size-large\"><img loading=\"lazy\" decoding=\"async\" width=\"1024\" height=\"538\" data-id=\"21425\" src=\"https:\/\/matehualasinmiedo.com\/wp-content\/uploads\/2023\/07\/1-92-1024x538.jpg\" alt=\"\" class=\"wp-image-21425\" srcset=\"https:\/\/matehualasinmiedo.com\/wp-content\/uploads\/2023\/07\/1-92-1024x538.jpg 1024w, https:\/\/matehualasinmiedo.com\/wp-content\/uploads\/2023\/07\/1-92-600x315.jpg 600w, https:\/\/matehualasinmiedo.com\/wp-content\/uploads\/2023\/07\/1-92-300x158.jpg 300w, https:\/\/matehualasinmiedo.com\/wp-content\/uploads\/2023\/07\/1-92-768x403.jpg 768w, https:\/\/matehualasinmiedo.com\/wp-content\/uploads\/2023\/07\/1-92.jpg 1200w\" sizes=\"auto, (max-width: 1024px) 100vw, 1024px\" \/><\/figure>\n\n\n\n<figure class=\"wp-block-image size-large\"><img loading=\"lazy\" decoding=\"async\" width=\"1024\" height=\"681\" data-id=\"21426\" src=\"https:\/\/matehualasinmiedo.com\/wp-content\/uploads\/2023\/07\/2-89-1024x681.jpg\" alt=\"\" class=\"wp-image-21426\" srcset=\"https:\/\/matehualasinmiedo.com\/wp-content\/uploads\/2023\/07\/2-89-1024x681.jpg 1024w, https:\/\/matehualasinmiedo.com\/wp-content\/uploads\/2023\/07\/2-89-600x399.jpg 600w, https:\/\/matehualasinmiedo.com\/wp-content\/uploads\/2023\/07\/2-89-300x200.jpg 300w, https:\/\/matehualasinmiedo.com\/wp-content\/uploads\/2023\/07\/2-89-768x511.jpg 768w, https:\/\/matehualasinmiedo.com\/wp-content\/uploads\/2023\/07\/2-89-1536x1021.jpg 1536w, https:\/\/matehualasinmiedo.com\/wp-content\/uploads\/2023\/07\/2-89-272x182.jpg 272w, https:\/\/matehualasinmiedo.com\/wp-content\/uploads\/2023\/07\/2-89.jpg 1600w\" sizes=\"auto, (max-width: 1024px) 100vw, 1024px\" \/><\/figure>\n<\/figure>\n\n\n\n<p>En apoyo a una cultura de la prevenci\u00f3n, la Secretar\u00eda General de Gobierno y la Coordinaci\u00f3n Estatal de Protecci\u00f3n Civil revisan acciones a implementar durante todo el evento<\/p>\n\n\n\n<p>Previo al arranque de la edici\u00f3n 2023 de la Feria Nacional Potosina (Fenapo) que se realizar\u00e1 del 4 al 27 de agosto, el Gobierno del apoyo revisa y afina los detalles del Programa Operativo que se implementar\u00e1 para prevenir cualquier incidente para salvaguardar la integridad y bienestar de las y los visitantes.&nbsp;<br>Por instrucci\u00f3n del Gobernador de San Luis Potos\u00ed Ricardo Gallardo Cardona, el secretario general de Gobierno, J. Guadalupe Torres S\u00e1nchez y el director de la Coordinaci\u00f3n Estatal de Protecci\u00f3n Civil (CEPC), Mauricio Ordaz Flores, se reunieron para dar seguimiento y coordinar todas las medidas y acciones que se pondr\u00e1n en marcha durante este magno evento y durante todas las actividades deportivas, culturales, sociales y de espect\u00e1culos que se llevar\u00e1n a cabo.<br>Torres S\u00e1nchez dijo que es prioridad salvaguardar la integridad f\u00edsica de las personas y reducir los riesgos en este tipo de eventos de concentraci\u00f3n masiva, por lo que se contar\u00e1 con el apoyo de otras dependencias como la Guardia Civil del Estado, la Direcci\u00f3n de Gobernaci\u00f3n, la Secretar\u00eda de Seguridad y Protecci\u00f3n Ciudadana del Estado (SSPCE), entre otras, adem\u00e1s de cuerpos de rescate como Bomberos y Cruz Roja Mexicana.<br>Por su parte, Ordaz Flores, inform\u00f3 que se supervisar\u00e1n las instalaciones del recinto ferial, para identificar posibles zonas de riesgo y dar atenci\u00f3n a las actividades que se tienen previstas para la edici\u00f3n 2023, \u201ccon la premisa fundamental de mantener una cultura de la prevenci\u00f3n como medida principal\u201d.<\/p>\n","protected":false},"excerpt":{"rendered":"<p>En apoyo a una cultura de la prevenci\u00f3n, la Secretar\u00eda General de Gobierno y la Coordinaci\u00f3n Estatal de Protecci\u00f3n Civil revisan acciones a implementar durante todo el evento Previo al arranque de la edici\u00f3n 2023 de la Feria Nacional Potosina (Fenapo) que se realizar\u00e1 del 4 al 27 de agosto, el Gobierno del apoyo revisa [&hellip;]<\/p>\n","protected":false},"author":1,"featured_media":21425,"comment_status":"open","ping_status":"open","sticky":false,"template":"","format":"standard","meta":{"footnotes":""},"categories":[5],"tags":[6],"class_list":["post-21424","post","type-post","status-publish","format-standard","has-post-thumbnail","hentry","category-slp","tag-slp"],"_links":{"self":[{"href":"https:\/\/matehualasinmiedo.com\/index.php\/wp-json\/wp\/v2\/posts\/21424","targetHints":{"allow":["GET"]}}],"collection":[{"href":"https:\/\/matehualasinmiedo.com\/index.php\/wp-json\/wp\/v2\/posts"}],"about":[{"href":"https:\/\/matehualasinmiedo.com\/index.php\/wp-json\/wp\/v2\/types\/post"}],"author":[{"embeddable":true,"href":"https:\/\/matehualasinmiedo.com\/index.php\/wp-json\/wp\/v2\/users\/1"}],"replies":[{"embeddable":true,"href":"https:\/\/matehualasinmiedo.com\/index.php\/wp-json\/wp\/v2\/comments?post=21424"}],"version-history":[{"count":1,"href":"https:\/\/matehualasinmiedo.com\/index.php\/wp-json\/wp\/v2\/posts\/21424\/revisions"}],"predecessor-version":[{"id":21427,"href":"https:\/\/matehualasinmiedo.com\/index.php\/wp-json\/wp\/v2\/posts\/21424\/revisions\/21427"}],"wp:featuredmedia":[{"embeddable":true,"href":"https:\/\/matehualasinmiedo.com\/index.php\/wp-json\/wp\/v2\/media\/21425"}],"wp:attachment":[{"href":"https:\/\/matehualasinmiedo.com\/index.php\/wp-json\/wp\/v2\/media?parent=21424"}],"wp:term":[{"taxonomy":"category","embeddable":true,"href":"https:\/\/matehualasinmiedo.com\/index.php\/wp-json\/wp\/v2\/categories?post=21424"},{"taxonomy":"post_tag","embeddable":true,"href":"https:\/\/matehualasinmiedo.com\/index.php\/wp-json\/wp\/v2\/tags?post=21424"}],"curies":[{"name":"wp","href":"https:\/\/api.w.org\/{rel}","templated":true}]}}