{"id":13405,"date":"2022-11-18T17:40:32","date_gmt":"2022-11-18T23:40:32","guid":{"rendered":"https:\/\/matehualasinmiedo.com\/?p=13405"},"modified":"2022-11-18T17:40:56","modified_gmt":"2022-11-18T23:40:56","slug":"encabezara-gobernador-ricardo-gallardo-desfile-del-20-de-noviembre","status":"publish","type":"post","link":"https:\/\/matehualasinmiedo.com\/index.php\/2022\/11\/18\/encabezara-gobernador-ricardo-gallardo-desfile-del-20-de-noviembre\/","title":{"rendered":"ENCABEZAR\u00c1 GOBERNADOR RICARDO GALLARDO DESFILE DEL 20 DE NOVIEMBRE"},"content":{"rendered":"\n<figure class=\"wp-block-gallery has-nested-images columns-default is-cropped wp-block-gallery-1 is-layout-flex wp-block-gallery-is-layout-flex\">\n<figure class=\"wp-block-image size-large\"><img loading=\"lazy\" decoding=\"async\" width=\"770\" height=\"1024\" data-id=\"13406\" src=\"https:\/\/matehualasinmiedo.com\/wp-content\/uploads\/2022\/11\/1-59-770x1024.jpg\" alt=\"\" class=\"wp-image-13406\" srcset=\"https:\/\/matehualasinmiedo.com\/wp-content\/uploads\/2022\/11\/1-59-770x1024.jpg 770w, https:\/\/matehualasinmiedo.com\/wp-content\/uploads\/2022\/11\/1-59-600x797.jpg 600w, https:\/\/matehualasinmiedo.com\/wp-content\/uploads\/2022\/11\/1-59-226x300.jpg 226w, https:\/\/matehualasinmiedo.com\/wp-content\/uploads\/2022\/11\/1-59-768x1021.jpg 768w, https:\/\/matehualasinmiedo.com\/wp-content\/uploads\/2022\/11\/1-59-1156x1536.jpg 1156w, https:\/\/matehualasinmiedo.com\/wp-content\/uploads\/2022\/11\/1-59.jpg 1170w\" sizes=\"auto, (max-width: 770px) 100vw, 770px\" \/><\/figure>\n\n\n\n<figure class=\"wp-block-image size-large\"><img loading=\"lazy\" decoding=\"async\" width=\"856\" height=\"1024\" data-id=\"13407\" src=\"https:\/\/matehualasinmiedo.com\/wp-content\/uploads\/2022\/11\/2-40-856x1024.jpg\" alt=\"\" class=\"wp-image-13407\" srcset=\"https:\/\/matehualasinmiedo.com\/wp-content\/uploads\/2022\/11\/2-40-856x1024.jpg 856w, https:\/\/matehualasinmiedo.com\/wp-content\/uploads\/2022\/11\/2-40-600x717.jpg 600w, https:\/\/matehualasinmiedo.com\/wp-content\/uploads\/2022\/11\/2-40-251x300.jpg 251w, https:\/\/matehualasinmiedo.com\/wp-content\/uploads\/2022\/11\/2-40-768x918.jpg 768w, https:\/\/matehualasinmiedo.com\/wp-content\/uploads\/2022\/11\/2-40.jpg 1170w\" sizes=\"auto, (max-width: 856px) 100vw, 856px\" \/><\/figure>\n\n\n\n<figure class=\"wp-block-image size-large\"><img loading=\"lazy\" decoding=\"async\" width=\"1024\" height=\"560\" data-id=\"13408\" src=\"https:\/\/matehualasinmiedo.com\/wp-content\/uploads\/2022\/11\/3-38-1024x560.jpg\" alt=\"\" class=\"wp-image-13408\" srcset=\"https:\/\/matehualasinmiedo.com\/wp-content\/uploads\/2022\/11\/3-38-1024x560.jpg 1024w, https:\/\/matehualasinmiedo.com\/wp-content\/uploads\/2022\/11\/3-38-600x328.jpg 600w, https:\/\/matehualasinmiedo.com\/wp-content\/uploads\/2022\/11\/3-38-300x164.jpg 300w, https:\/\/matehualasinmiedo.com\/wp-content\/uploads\/2022\/11\/3-38-768x420.jpg 768w, https:\/\/matehualasinmiedo.com\/wp-content\/uploads\/2022\/11\/3-38.jpg 1170w\" sizes=\"auto, (max-width: 1024px) 100vw, 1024px\" \/><\/figure>\n\n\n\n<figure class=\"wp-block-image size-large\"><img loading=\"lazy\" decoding=\"async\" width=\"1024\" height=\"538\" data-id=\"13409\" src=\"https:\/\/matehualasinmiedo.com\/wp-content\/uploads\/2022\/11\/4-32-1024x538.jpg\" alt=\"\" class=\"wp-image-13409\" srcset=\"https:\/\/matehualasinmiedo.com\/wp-content\/uploads\/2022\/11\/4-32-1024x538.jpg 1024w, https:\/\/matehualasinmiedo.com\/wp-content\/uploads\/2022\/11\/4-32-600x315.jpg 600w, https:\/\/matehualasinmiedo.com\/wp-content\/uploads\/2022\/11\/4-32-300x158.jpg 300w, https:\/\/matehualasinmiedo.com\/wp-content\/uploads\/2022\/11\/4-32-768x403.jpg 768w, https:\/\/matehualasinmiedo.com\/wp-content\/uploads\/2022\/11\/4-32.jpg 1200w\" sizes=\"auto, (max-width: 1024px) 100vw, 1024px\" \/><\/figure>\n<\/figure>\n\n\n\n<p><\/p>\n\n\n\n<p>A fin de recuperar los eventos c\u00edvicos que dan identidad como mexicanos a las y los potosinos, por segundo a\u00f1o consecutivo se realizar\u00e1 el desfile que durante a\u00f1os fue suspendido<\/p>\n\n\n\n<p>Como parte de las acciones del Gobierno del cambio para recuperar los eventos c\u00edvicos que dan identidad como mexicanos a las y los potosinos, por segundo a\u00f1o consecutivo el Gobernador de San Luis Potos\u00ed Ricardo Gallardo Cardona, encabezar\u00e1 el tradicional desfile por el 20 de noviembre, D\u00eda de la Revoluci\u00f3n Mexicana, luego de que el evento estuvo suspendido por a\u00f1os, debido a la falta de inter\u00e9s de anteriores administraciones estatales.<br>En un ambiente festivo y de conmemoraci\u00f3n patria, este domingo las familias potosinas y las nuevas generaciones podr\u00e1n presenciar y disfrutar de esta magna actividad y fiesta donde intervendr\u00e1 un macro contingente cuyo n\u00famero se encuentra estimado en tres mil 161 participantes, que recorrer\u00e1n las principales calles del Centro Hist\u00f3rico.<br>El despliegue c\u00edvico y militar que presidir\u00e1 el Mandatario Estatal iniciar\u00e1 alrededor de las 10 horas en el cruce de las calles Los Bravo y Eje Vial y llegar\u00e1 hasta Palacio de Gobierno, continuar\u00e1 por 5 de mayo e Iturbide hasta Independencia, pasar\u00e1 por avenida Venustiano Carranza y concluir\u00e1 en el jard\u00edn de Tequis. Frente a la sede del Ejecutivo estatal se encontrar\u00e1n la banda de m\u00fasica de Gobierno del Estado y la banda de guerra del Ej\u00e9rcito para amenizar y dar el realce debido a este acto.<br>En la columna podr\u00e1n ser apreciados -alrededor de medio centenar de- integrantes de Escaramuzas y Asociaciones de Charros en sus respectivos caballos, aproximadamente mil deportistas adscritos a 20 diferentes asociaciones atl\u00e9ticas, aunado a integrantes de la 12\u00aa zona militar y del 40\u00ba batall\u00f3n de infanter\u00eda.<br>Tambi\u00e9n intervendr\u00e1n alumnas y alumnos, as\u00ed como profesoras y profesores del Sistema Educativo Estatal Regular y la Secretar\u00eda de Educaci\u00f3n del Gobierno del Estado (SEGE), personal de la Secretar\u00eda de Cultura, polic\u00edas estatales y municipales a pie y en motocicletas, mientras que en el pres\u00eddium estar\u00e1n representantes de los tres poderes del Estado.<\/p>\n","protected":false},"excerpt":{"rendered":"<p>A fin de recuperar los eventos c\u00edvicos que dan identidad como mexicanos a las y los potosinos, por segundo a\u00f1o consecutivo se realizar\u00e1 el desfile que durante a\u00f1os fue suspendido Como parte de las acciones del Gobierno del cambio para recuperar los eventos c\u00edvicos que dan identidad como mexicanos a las y los potosinos, por [&hellip;]<\/p>\n","protected":false},"author":1,"featured_media":13409,"comment_status":"open","ping_status":"open","sticky":false,"template":"","format":"standard","meta":{"footnotes":""},"categories":[5],"tags":[6],"class_list":["post-13405","post","type-post","status-publish","format-standard","has-post-thumbnail","hentry","category-slp","tag-slp"],"_links":{"self":[{"href":"https:\/\/matehualasinmiedo.com\/index.php\/wp-json\/wp\/v2\/posts\/13405","targetHints":{"allow":["GET"]}}],"collection":[{"href":"https:\/\/matehualasinmiedo.com\/index.php\/wp-json\/wp\/v2\/posts"}],"about":[{"href":"https:\/\/matehualasinmiedo.com\/index.php\/wp-json\/wp\/v2\/types\/post"}],"author":[{"embeddable":true,"href":"https:\/\/matehualasinmiedo.com\/index.php\/wp-json\/wp\/v2\/users\/1"}],"replies":[{"embeddable":true,"href":"https:\/\/matehualasinmiedo.com\/index.php\/wp-json\/wp\/v2\/comments?post=13405"}],"version-history":[{"count":1,"href":"https:\/\/matehualasinmiedo.com\/index.php\/wp-json\/wp\/v2\/posts\/13405\/revisions"}],"predecessor-version":[{"id":13410,"href":"https:\/\/matehualasinmiedo.com\/index.php\/wp-json\/wp\/v2\/posts\/13405\/revisions\/13410"}],"wp:featuredmedia":[{"embeddable":true,"href":"https:\/\/matehualasinmiedo.com\/index.php\/wp-json\/wp\/v2\/media\/13409"}],"wp:attachment":[{"href":"https:\/\/matehualasinmiedo.com\/index.php\/wp-json\/wp\/v2\/media?parent=13405"}],"wp:term":[{"taxonomy":"category","embeddable":true,"href":"https:\/\/matehualasinmiedo.com\/index.php\/wp-json\/wp\/v2\/categories?post=13405"},{"taxonomy":"post_tag","embeddable":true,"href":"https:\/\/matehualasinmiedo.com\/index.php\/wp-json\/wp\/v2\/tags?post=13405"}],"curies":[{"name":"wp","href":"https:\/\/api.w.org\/{rel}","templated":true}]}}