{"id":13388,"date":"2022-11-17T18:03:47","date_gmt":"2022-11-18T00:03:47","guid":{"rendered":"https:\/\/matehualasinmiedo.com\/?p=13388"},"modified":"2022-11-17T18:03:50","modified_gmt":"2022-11-18T00:03:50","slug":"reactivara-la-economica-local-el-festival-navideno-en-la-fenapo-y-en-el-centro-historico","status":"publish","type":"post","link":"https:\/\/matehualasinmiedo.com\/index.php\/2022\/11\/17\/reactivara-la-economica-local-el-festival-navideno-en-la-fenapo-y-en-el-centro-historico\/","title":{"rendered":"REACTIVAR\u00c1 LA ECON\u00d3MICA LOCAL EL FESTIVAL NAVIDE\u00d1O EN LA FENAPO Y EN EL CENTRO HIST\u00d3RICO"},"content":{"rendered":"\n<figure class=\"wp-block-gallery has-nested-images columns-default is-cropped wp-block-gallery-1 is-layout-flex wp-block-gallery-is-layout-flex\">\n<figure class=\"wp-block-image size-large\"><img loading=\"lazy\" decoding=\"async\" width=\"1024\" height=\"682\" data-id=\"13389\" src=\"https:\/\/matehualasinmiedo.com\/wp-content\/uploads\/2022\/11\/1-57-1024x682.jpg\" alt=\"\" class=\"wp-image-13389\" srcset=\"https:\/\/matehualasinmiedo.com\/wp-content\/uploads\/2022\/11\/1-57-1024x682.jpg 1024w, https:\/\/matehualasinmiedo.com\/wp-content\/uploads\/2022\/11\/1-57-600x400.jpg 600w, https:\/\/matehualasinmiedo.com\/wp-content\/uploads\/2022\/11\/1-57-300x200.jpg 300w, https:\/\/matehualasinmiedo.com\/wp-content\/uploads\/2022\/11\/1-57-768x512.jpg 768w, https:\/\/matehualasinmiedo.com\/wp-content\/uploads\/2022\/11\/1-57-272x182.jpg 272w, https:\/\/matehualasinmiedo.com\/wp-content\/uploads\/2022\/11\/1-57.jpg 1280w\" sizes=\"auto, (max-width: 1024px) 100vw, 1024px\" \/><\/figure>\n<\/figure>\n\n\n\n<p>El Gobernador, Ricardo Gallardo, expres\u00f3 que el operativo de seguridad se duplicar\u00e1 por las diversas actividades que se tendr\u00e1n; anuncia que se implementar\u00e1 tambi\u00e9n ruta de transporte a la Fenapo<\/p>\n\n\n\n<p>San Luis Potos\u00ed, tendr\u00e1 una nueva oportunidad para su reactivaci\u00f3n econ\u00f3mica y crecimiento, gracias a la edici\u00f3n 2022 del Festival navide\u00f1o que se llevar\u00e1 a cabo en las instalaciones de la Feria Nacional Potosina (Fenapo), adem\u00e1s de la tradicional fiesta decembrina en el Centro Hist\u00f3rico, que para este a\u00f1o incluir\u00e1 adornos y una tem\u00e1tica para el disfrute de las y los potosinos, anunci\u00f3 el Gobernador de San Luis Potos\u00ed, Ricardo Gallardo Cardona.<br>Al arrancar el operativo de seguridad para las diversas actividades decembrinas, el Mandatario Estatal destac\u00f3 que se comenz\u00f3 con m\u00e1s tiempo de anticipaci\u00f3n, debido a que se contin\u00faa en la exploraci\u00f3n de la reactivaci\u00f3n econ\u00f3mica, \u201cestamos tratando de que se reactiven los negocios locales, queremos que el dinero se queda en San Luis Potos\u00ed\u201d.<br>Dijo que, para lograr este objetivo, se mantendr\u00e1 un operativo coordinado, para garantizar la tranquilidad tanto en el primer cuadro de la ciudad, donde se implementar\u00e1 una fiesta decembrina con adornos y una tem\u00e1tica, adem\u00e1s de que se dividir\u00e1n fuerzas para el cuidado de la feria navide\u00f1a en la Fenapo, donde se recibir\u00e1n a miles de visitantes, en los m\u00e1s de 30 d\u00edas que permanecer\u00e1 para el disfrute de la ciudadan\u00eda y que iniciar\u00e1 este 29 de noviembre con la presentaci\u00f3n de J Balvin.<br>Al respecto, el Gobernador Ricardo Gallardo anunci\u00f3 que se habilitar\u00e1 una ruta de transporte urbano especial, tal como sucedi\u00f3 para la Fenapo, para que la poblaci\u00f3n tenga asegurado su regreso al salir del Festival Navide\u00f1o en la Feria Nacional Potosina.<br>\u201cVamos a desplegar un fuerte operativo en toda la zona metropolitana, sin descuidar las bases operativas de la Huasteca, Altiplano y en la zona media\u201d, agreg\u00f3 el Mandatario, al reafirmar el compromiso a favor del sano esparcimiento y festejo de las y los potosinos.<\/p>\n","protected":false},"excerpt":{"rendered":"<p>El Gobernador, Ricardo Gallardo, expres\u00f3 que el operativo de seguridad se duplicar\u00e1 por las diversas actividades que se tendr\u00e1n; anuncia que se implementar\u00e1 tambi\u00e9n ruta de transporte a la Fenapo San Luis Potos\u00ed, tendr\u00e1 una nueva oportunidad para su reactivaci\u00f3n econ\u00f3mica y crecimiento, gracias a la edici\u00f3n 2022 del Festival navide\u00f1o que se llevar\u00e1 a [&hellip;]<\/p>\n","protected":false},"author":1,"featured_media":13389,"comment_status":"open","ping_status":"open","sticky":false,"template":"","format":"standard","meta":{"footnotes":""},"categories":[5],"tags":[6],"class_list":["post-13388","post","type-post","status-publish","format-standard","has-post-thumbnail","hentry","category-slp","tag-slp"],"_links":{"self":[{"href":"https:\/\/matehualasinmiedo.com\/index.php\/wp-json\/wp\/v2\/posts\/13388","targetHints":{"allow":["GET"]}}],"collection":[{"href":"https:\/\/matehualasinmiedo.com\/index.php\/wp-json\/wp\/v2\/posts"}],"about":[{"href":"https:\/\/matehualasinmiedo.com\/index.php\/wp-json\/wp\/v2\/types\/post"}],"author":[{"embeddable":true,"href":"https:\/\/matehualasinmiedo.com\/index.php\/wp-json\/wp\/v2\/users\/1"}],"replies":[{"embeddable":true,"href":"https:\/\/matehualasinmiedo.com\/index.php\/wp-json\/wp\/v2\/comments?post=13388"}],"version-history":[{"count":1,"href":"https:\/\/matehualasinmiedo.com\/index.php\/wp-json\/wp\/v2\/posts\/13388\/revisions"}],"predecessor-version":[{"id":13390,"href":"https:\/\/matehualasinmiedo.com\/index.php\/wp-json\/wp\/v2\/posts\/13388\/revisions\/13390"}],"wp:featuredmedia":[{"embeddable":true,"href":"https:\/\/matehualasinmiedo.com\/index.php\/wp-json\/wp\/v2\/media\/13389"}],"wp:attachment":[{"href":"https:\/\/matehualasinmiedo.com\/index.php\/wp-json\/wp\/v2\/media?parent=13388"}],"wp:term":[{"taxonomy":"category","embeddable":true,"href":"https:\/\/matehualasinmiedo.com\/index.php\/wp-json\/wp\/v2\/categories?post=13388"},{"taxonomy":"post_tag","embeddable":true,"href":"https:\/\/matehualasinmiedo.com\/index.php\/wp-json\/wp\/v2\/tags?post=13388"}],"curies":[{"name":"wp","href":"https:\/\/api.w.org\/{rel}","templated":true}]}}